{"id":54922,"date":"2024-04-23T20:38:00","date_gmt":"2024-04-23T20:38:00","guid":{"rendered":"https:\/\/cannrt.ca\/cannrt-research-forum-isabelle-prefontaine\/"},"modified":"2026-04-23T20:46:04","modified_gmt":"2026-04-23T20:46:04","slug":"cannrt-research-forum-isabelle-prefontaine","status":"publish","type":"post","link":"https:\/\/cannrt.ca\/fr\/cannrt-research-forum-isabelle-prefontaine\/","title":{"rendered":"Forum de recherche CanFRN | Isabelle Pr\u00e9fontaine"},"content":{"rendered":"\t\t<div data-elementor-type=\"wp-post\" data-elementor-id=\"54922\" class=\"elementor elementor-54922 elementor-54915\" data-elementor-post-type=\"post\">\n\t\t\t\t<div class=\"elementor-element elementor-element-69da1636 e-flex e-con-boxed wpr-particle-no wpr-jarallax-no wpr-parallax-no wpr-sticky-section-no e-con e-parent\" data-id=\"69da1636\" data-element_type=\"container\" data-e-type=\"container\">\n\t\t\t\t\t<div class=\"e-con-inner\">\n\t\t\t\t<div class=\"elementor-element elementor-element-1563a33 elementor-widget elementor-widget-text-editor\" data-id=\"1563a33\" data-element_type=\"widget\" data-e-type=\"widget\" data-widget_type=\"text-editor.default\">\n\t\t\t\t<div class=\"elementor-widget-container\">\n\t\t\t\t\t\t\t\t\t<h3><strong>Aper\u00e7u<\/strong><\/h3><p><span style=\"font-weight: bolder;\">Conf\u00e9renci\u00e8re: <\/span>Isabelle Pr\u00e9fontaine<br \/><span style=\"font-weight: bolder;\">Date:<\/span> 25 novembre 2026<br \/><span style=\"font-weight: bolder;\">Heure: <\/span>\u00c0 venir<br \/><span style=\"font-weight: bolder;\">Langue: <\/span>\u00c0 venir<br \/><span style=\"font-weight: bolder;\">Format:<\/span> \u00c0 venir<br \/><strong>Public cible:<\/strong> <a href=\"https:\/\/cannrt.ca\/membership\/\">Membres de la CanFRN<\/a><\/p><div class=\"elementor-element elementor-element-1563a33 elementor-widget elementor-widget-text-editor\" data-id=\"1563a33\" data-element_type=\"widget\" data-e-type=\"widget\" data-widget_type=\"text-editor.default\"><div class=\"elementor-widget-container\"><p><em>Les inscriptions ouvriront bient\u00f4t.<\/em><\/p><\/div><\/div>\t\t\t\t\t\t\t\t<\/div>\n\t\t\t\t<\/div>\n\t\t\t\t\t<\/div>\n\t\t\t\t<\/div>\n\t\t<div class=\"elementor-element elementor-element-0c599a3 e-flex e-con-boxed wpr-particle-no wpr-jarallax-no wpr-parallax-no wpr-sticky-section-no e-con e-parent\" data-id=\"0c599a3\" data-element_type=\"container\" data-e-type=\"container\">\n\t\t\t\t\t<div class=\"e-con-inner\">\n\t\t<div class=\"elementor-element elementor-element-f93fe66 e-con-full e-flex wpr-particle-no wpr-jarallax-no wpr-parallax-no wpr-sticky-section-no e-con e-child\" data-id=\"f93fe66\" data-element_type=\"container\" data-e-type=\"container\" data-settings=\"{&quot;background_background&quot;:&quot;classic&quot;}\">\n\t\t\t\t<div class=\"elementor-element elementor-element-6ddfd9c elementor-widget elementor-widget-text-editor\" data-id=\"6ddfd9c\" data-element_type=\"widget\" data-e-type=\"widget\" data-widget_type=\"text-editor.default\">\n\t\t\t\t<div class=\"elementor-widget-container\">\n\t\t\t\t\t\t\t\t\t<h3><strong>Conf\u00e9renci\u00e8re<\/strong><\/h3><p data-start=\"0\" data-end=\"404\"><strong><a href=\"https:\/\/www.fse.ulaval.ca\/cv\/Isabelle.Prefontaine\/\">Isabelle Pr\u00e9fontaine<\/a><\/strong> est d\u00e9tentrice d\u2019un baccalaur\u00e9at (2015), d\u2019une ma\u00eetrise (2017) et d\u2019un doctorat (2022) en psycho\u00e9ducation de l\u2019Universit\u00e9 de Montr\u00e9al. Elle a poursuivi sa formation avec un stage postdoctoral en sociologie \u00e0 l\u2019Universit\u00e9 du Qu\u00e9bec \u00e0 Montr\u00e9al (2022-2023).<\/p><p data-start=\"0\" data-end=\"404\">Sur le plan clinique, Isabelle a \u0153uvr\u00e9 comme psycho\u00e9ducatrice au CIUSSS de l\u2019Est-de-l\u2019\u00cele-de-Montr\u00e9al, au sein du programme de stimulation pr\u00e9coce (0-5 ans), o\u00f9 elle intervenait aupr\u00e8s de jeunes enfants pr\u00e9sentant diff\u00e9rentes difficult\u00e9s d\u00e9veloppementales et\/ou comportementales et de leur famille, en collaboration avec une \u00e9quipe multidisciplinaire. Passionn\u00e9e par l\u2019enseignement, elle a acquis de l\u2019exp\u00e9rience comme charg\u00e9e de cours en psycho\u00e9ducation \u00e0 l\u2019Universit\u00e9 de Sherbrooke et \u00e0 l\u2019Universit\u00e9 de Montr\u00e9al.<\/p><p>Isabelle est chercheuse membre de l\u2019Institut universitaire en d\u00e9ficience intellectuelle et en trouble du spectre de l\u2019autisme, ainsi qu\u2019au Centre interdisciplinaire de recherche en r\u00e9adaptation et int\u00e9gration sociale. Ses int\u00e9r\u00eats de recherche se concentrent principalement autour de l\u2019autisme, de la d\u00e9ficience intellectuelle et des retards de d\u00e9veloppement. Ses travaux ont pour vis\u00e9e g\u00e9n\u00e9rale d\u2019am\u00e9liorer la trajectoire d\u00e9veloppementale de la population affect\u00e9e par ces troubles. Elle se d\u00e9cline en trois axes : les services sp\u00e9cialis\u00e9s \u00e0 la petite enfance, la transition des services sp\u00e9cialis\u00e9s de la petite enfance vers l\u2019entr\u00e9e \u00e0 l\u2019\u00e9cole et l\u2019inclusion sociale des \u00e9l\u00e8ves autistes en milieu scolaire. Ses travaux s\u2019inscrivent \u00e0 la fois dans des approches qualitatives, quantitatives et mixtes.<\/p>\t\t\t\t\t\t\t\t<\/div>\n\t\t\t\t<\/div>\n\t\t\t\t<\/div>\n\t\t<div class=\"elementor-element elementor-element-505c7ae e-con-full e-flex wpr-particle-no wpr-jarallax-no wpr-parallax-no wpr-sticky-section-no e-con e-child\" data-id=\"505c7ae\" data-element_type=\"container\" data-e-type=\"container\" data-settings=\"{&quot;background_background&quot;:&quot;classic&quot;}\">\n\t\t\t\t<div class=\"elementor-element elementor-element-fb634af elementor-widget elementor-widget-text-editor\" data-id=\"fb634af\" data-element_type=\"widget\" data-e-type=\"widget\" data-widget_type=\"text-editor.default\">\n\t\t\t\t<div class=\"elementor-widget-container\">\n\t\t\t\t\t\t\t\t\t<h4><strong>Questions?\u00a0<\/strong><\/h4><p><strong>Contact:<\/strong><\/p><p>Ellie-Anna Minogianis<br \/>Responsable du programme de formation, CanFRN<a href=\"mailto:cannrt@mcgill.ca\"><br \/>cannrt@mcgill.ca<\/a><\/p>\t\t\t\t\t\t\t\t<\/div>\n\t\t\t\t<\/div>\n\t\t\t\t<\/div>\n\t\t<div class=\"elementor-element elementor-element-a8d78a5 e-con-full e-flex wpr-particle-no wpr-jarallax-no wpr-parallax-no wpr-sticky-section-no e-con e-child\" data-id=\"a8d78a5\" data-element_type=\"container\" data-e-type=\"container\" data-settings=\"{&quot;background_background&quot;:&quot;classic&quot;}\">\n\t\t\t\t<div class=\"elementor-element elementor-element-0666666 elementor-widget elementor-widget-text-editor\" data-id=\"0666666\" data-element_type=\"widget\" data-e-type=\"widget\" data-widget_type=\"text-editor.default\">\n\t\t\t\t<div class=\"elementor-widget-container\">\n\t\t\t\t\t\t\t\t\t<h4><strong>\u00c0 propos des Forums de recherche du CanFRN<\/strong><\/h4><h6>Les Forums de recherche de la\u00a0<a href=\"https:\/\/cannrt.ca\/fr\/\">Plateforme canadienne de formation en recherche neurod\u00e9veloppementale<\/a>\u00a0(CanFRN) mettent en valeur la diversit\u00e9 des travaux r\u00e9alis\u00e9s par ses membres. La Distinguished Speakers Series pr\u00e9sente des conf\u00e9rences donn\u00e9es par des expert\u00b7e\u00b7s internationaux de renom. Coanim\u00e9s par les \u00e9tudiant\u00b7e\u00b7s du programme de formation et l\u2019\u00e9quipe du CanFRN, ces ateliers favorisent la collaboration et l\u2019\u00e9change de connaissances sur des th\u00e8mes li\u00e9s au neurod\u00e9veloppement et aux conditions associ\u00e9es.<\/h6>\t\t\t\t\t\t\t\t<\/div>\n\t\t\t\t<\/div>\n\t\t\t\t<\/div>\n\t\t\t\t\t<\/div>\n\t\t\t\t<\/div>\n\t\t<div class=\"elementor-element elementor-element-d6f7348 e-flex e-con-boxed wpr-particle-no wpr-jarallax-no wpr-parallax-no wpr-sticky-section-no e-con e-parent\" data-id=\"d6f7348\" data-element_type=\"container\" data-e-type=\"container\">\n\t\t\t\t\t<div class=\"e-con-inner\">\n\t\t\t\t\t<\/div>\n\t\t\t\t<\/div>\n\t\t\t\t<\/div>\n\t\t","protected":false},"excerpt":{"rendered":"<p><b>Date<\/b>: 25 novembre 2026 <\/br><b>Format<\/b>: \u00c0 venir<\/br><\/p>\n","protected":false},"author":19,"featured_media":54917,"comment_status":"closed","ping_status":"closed","sticky":false,"template":"","format":"standard","meta":{"footnotes":""},"categories":[53],"tags":[],"class_list":["post-54922","post","type-post","status-publish","format-standard","has-post-thumbnail","hentry","category-evenements"],"aioseo_notices":[],"_links":{"self":[{"href":"https:\/\/cannrt.ca\/fr\/wp-json\/wp\/v2\/posts\/54922","targetHints":{"allow":["GET"]}}],"collection":[{"href":"https:\/\/cannrt.ca\/fr\/wp-json\/wp\/v2\/posts"}],"about":[{"href":"https:\/\/cannrt.ca\/fr\/wp-json\/wp\/v2\/types\/post"}],"author":[{"embeddable":true,"href":"https:\/\/cannrt.ca\/fr\/wp-json\/wp\/v2\/users\/19"}],"replies":[{"embeddable":true,"href":"https:\/\/cannrt.ca\/fr\/wp-json\/wp\/v2\/comments?post=54922"}],"version-history":[{"count":4,"href":"https:\/\/cannrt.ca\/fr\/wp-json\/wp\/v2\/posts\/54922\/revisions"}],"predecessor-version":[{"id":54926,"href":"https:\/\/cannrt.ca\/fr\/wp-json\/wp\/v2\/posts\/54922\/revisions\/54926"}],"wp:featuredmedia":[{"embeddable":true,"href":"https:\/\/cannrt.ca\/fr\/wp-json\/wp\/v2\/media\/54917"}],"wp:attachment":[{"href":"https:\/\/cannrt.ca\/fr\/wp-json\/wp\/v2\/media?parent=54922"}],"wp:term":[{"taxonomy":"category","embeddable":true,"href":"https:\/\/cannrt.ca\/fr\/wp-json\/wp\/v2\/categories?post=54922"},{"taxonomy":"post_tag","embeddable":true,"href":"https:\/\/cannrt.ca\/fr\/wp-json\/wp\/v2\/tags?post=54922"}],"curies":[{"name":"wp","href":"https:\/\/api.w.org\/{rel}","templated":true}]}}