{"id":54909,"date":"2024-07-31T20:24:00","date_gmt":"2024-07-31T20:24:00","guid":{"rendered":"https:\/\/cannrt.ca\/cannrt-research-forum-pierre-marquet\/"},"modified":"2026-04-23T20:33:20","modified_gmt":"2026-04-23T20:33:20","slug":"cannrt-research-forum-pierre-marquet","status":"publish","type":"post","link":"https:\/\/cannrt.ca\/fr\/cannrt-research-forum-pierre-marquet\/","title":{"rendered":"Forum de recherche CanFRN | Pierre Marquet"},"content":{"rendered":"\t\t<div data-elementor-type=\"wp-post\" data-elementor-id=\"54909\" class=\"elementor elementor-54909 elementor-54902\" data-elementor-post-type=\"post\">\n\t\t\t\t<div class=\"elementor-element elementor-element-69da1636 e-flex e-con-boxed wpr-particle-no wpr-jarallax-no wpr-parallax-no wpr-sticky-section-no e-con e-parent\" data-id=\"69da1636\" data-element_type=\"container\" data-e-type=\"container\">\n\t\t\t\t\t<div class=\"e-con-inner\">\n\t\t\t\t<div class=\"elementor-element elementor-element-1563a33 elementor-widget elementor-widget-text-editor\" data-id=\"1563a33\" data-element_type=\"widget\" data-e-type=\"widget\" data-widget_type=\"text-editor.default\">\n\t\t\t\t<div class=\"elementor-widget-container\">\n\t\t\t\t\t\t\t\t\t<h3><strong>Aper\u00e7u<\/strong><\/h3><p><span style=\"font-weight: bolder;\">Conf\u00e9rencier: <\/span>Pierre Marquet<br \/><span style=\"font-weight: bolder;\">Date:<\/span> 29 juillet 2026<br \/><span style=\"font-weight: bolder;\">Heure: <\/span>\u00c0 venir<br \/><span style=\"font-weight: bolder;\">Langue: <\/span>\u00c0 venir<br \/><span style=\"font-weight: bolder;\">Format:<\/span> \u00c0 venir<br \/><strong>Public cible:<\/strong> <a href=\"https:\/\/cannrt.ca\/membership\/\">Membres de la CanFRN<\/a><\/p><div class=\"elementor-element elementor-element-1563a33 elementor-widget elementor-widget-text-editor\" data-id=\"1563a33\" data-element_type=\"widget\" data-e-type=\"widget\" data-widget_type=\"text-editor.default\"><div class=\"elementor-widget-container\"><p><em>Les inscriptions ouvriront bient\u00f4t.<\/em><\/p><\/div><\/div>\t\t\t\t\t\t\t\t<\/div>\n\t\t\t\t<\/div>\n\t\t\t\t\t<\/div>\n\t\t\t\t<\/div>\n\t\t<div class=\"elementor-element elementor-element-0c599a3 e-flex e-con-boxed wpr-particle-no wpr-jarallax-no wpr-parallax-no wpr-sticky-section-no e-con e-parent\" data-id=\"0c599a3\" data-element_type=\"container\" data-e-type=\"container\">\n\t\t\t\t\t<div class=\"e-con-inner\">\n\t\t<div class=\"elementor-element elementor-element-f93fe66 e-con-full e-flex wpr-particle-no wpr-jarallax-no wpr-parallax-no wpr-sticky-section-no e-con e-child\" data-id=\"f93fe66\" data-element_type=\"container\" data-e-type=\"container\" data-settings=\"{&quot;background_background&quot;:&quot;classic&quot;}\">\n\t\t\t\t<div class=\"elementor-element elementor-element-6ddfd9c elementor-widget elementor-widget-text-editor\" data-id=\"6ddfd9c\" data-element_type=\"widget\" data-e-type=\"widget\" data-widget_type=\"text-editor.default\">\n\t\t\t\t<div class=\"elementor-widget-container\">\n\t\t\t\t\t\t\t\t\t<h3><strong>Conf\u00e9rencier<\/strong><\/h3><p>Psychiatre et d\u00e9tenteur d\u2019un dipl\u00f4me d\u2019ing\u00e9nieur physicien de l\u2019EPFL et d\u2019un doctorat M.D.\/Ph.D. en neurophotonique de l\u2019UNIL,<strong><a href=\"https:\/\/cervo.ulaval.ca\/en\/profile\/pierre-marquet\/\"> Pierre Marquet<\/a> <\/strong>est professeur \u00e0 l\u2019Universit\u00e9 Laval et titulaire de la CERC sur la neurophotonique. Il est reconnu internationalement pour ses travaux d\u2019avant-garde dans le domaine de la microscopie holographique num\u00e9rique. Il est aussi directeur de l\u2019Unit\u00e9 mixte internationale (UMI) sur le neurod\u00e9veloppement et la psychiatrie de l\u2019enfant, dont le but est de d\u00e9finir des syndromes infantiles \u00e0 risque des grands troubles psychiatriques tels que la schizophr\u00e9nie, les troubles bipolaires et la d\u00e9pression majeure, \u00e0 l\u2019aide de l\u2019identification d\u2019endoph\u00e9notypes et de biomarqueurs de risque, gr\u00e2ce aux outils de la neurophotonique. Il est \u00e9galement auteur ou co-auteur d\u2019environ 170 publications scientifiques (11898 citations, h-index 46) et de plusieurs brevets et co-fondateur de trois entreprises en d\u00e9marrage.<\/p>\t\t\t\t\t\t\t\t<\/div>\n\t\t\t\t<\/div>\n\t\t\t\t<\/div>\n\t\t<div class=\"elementor-element elementor-element-505c7ae e-con-full e-flex wpr-particle-no wpr-jarallax-no wpr-parallax-no wpr-sticky-section-no e-con e-child\" data-id=\"505c7ae\" data-element_type=\"container\" data-e-type=\"container\" data-settings=\"{&quot;background_background&quot;:&quot;classic&quot;}\">\n\t\t\t\t<div class=\"elementor-element elementor-element-fb634af elementor-widget elementor-widget-text-editor\" data-id=\"fb634af\" data-element_type=\"widget\" data-e-type=\"widget\" data-widget_type=\"text-editor.default\">\n\t\t\t\t<div class=\"elementor-widget-container\">\n\t\t\t\t\t\t\t\t\t<h4><strong>Questions?\u00a0<\/strong><\/h4><p><strong>Contact:<\/strong><\/p><p>Ellie-Anna Minogianis<br \/>Responsable du programme de formation, CanFRN<a href=\"mailto:cannrt@mcgill.ca\"><br \/>cannrt@mcgill.ca<\/a><\/p>\t\t\t\t\t\t\t\t<\/div>\n\t\t\t\t<\/div>\n\t\t\t\t<\/div>\n\t\t<div class=\"elementor-element elementor-element-a8d78a5 e-con-full e-flex wpr-particle-no wpr-jarallax-no wpr-parallax-no wpr-sticky-section-no e-con e-child\" data-id=\"a8d78a5\" data-element_type=\"container\" data-e-type=\"container\" data-settings=\"{&quot;background_background&quot;:&quot;classic&quot;}\">\n\t\t\t\t<div class=\"elementor-element elementor-element-0666666 elementor-widget elementor-widget-text-editor\" data-id=\"0666666\" data-element_type=\"widget\" data-e-type=\"widget\" data-widget_type=\"text-editor.default\">\n\t\t\t\t<div class=\"elementor-widget-container\">\n\t\t\t\t\t\t\t\t\t<h4><strong>\u00c0 propos des Forums de recherche du CanFRN<\/strong><\/h4><h6>Les Forums de recherche de la\u00a0<a href=\"https:\/\/cannrt.ca\/fr\/\">Plateforme canadienne de formation en recherche neurod\u00e9veloppementale<\/a>\u00a0(CanFRN) mettent en valeur la diversit\u00e9 des travaux r\u00e9alis\u00e9s par ses membres. La Distinguished Speakers Series pr\u00e9sente des conf\u00e9rences donn\u00e9es par des expert\u00b7e\u00b7s internationaux de renom. Coanim\u00e9s par les \u00e9tudiant\u00b7e\u00b7s du programme de formation et l\u2019\u00e9quipe du CanFRN, ces ateliers favorisent la collaboration et l\u2019\u00e9change de connaissances sur des th\u00e8mes li\u00e9s au neurod\u00e9veloppement et aux conditions associ\u00e9es.<\/h6>\t\t\t\t\t\t\t\t<\/div>\n\t\t\t\t<\/div>\n\t\t\t\t<\/div>\n\t\t\t\t\t<\/div>\n\t\t\t\t<\/div>\n\t\t<div class=\"elementor-element elementor-element-d6f7348 e-flex e-con-boxed wpr-particle-no wpr-jarallax-no wpr-parallax-no wpr-sticky-section-no e-con e-parent\" data-id=\"d6f7348\" data-element_type=\"container\" data-e-type=\"container\">\n\t\t\t\t\t<div class=\"e-con-inner\">\n\t\t\t\t\t<\/div>\n\t\t\t\t<\/div>\n\t\t\t\t<\/div>\n\t\t","protected":false},"excerpt":{"rendered":"<p><b>Date<\/b>: 29 juillet 2026 <\/br><b>Format<\/b>: \u00c0 venir<\/br><\/p>\n","protected":false},"author":19,"featured_media":54904,"comment_status":"closed","ping_status":"closed","sticky":false,"template":"","format":"standard","meta":{"footnotes":""},"categories":[53],"tags":[],"class_list":["post-54909","post","type-post","status-publish","format-standard","has-post-thumbnail","hentry","category-evenements"],"aioseo_notices":[],"_links":{"self":[{"href":"https:\/\/cannrt.ca\/fr\/wp-json\/wp\/v2\/posts\/54909","targetHints":{"allow":["GET"]}}],"collection":[{"href":"https:\/\/cannrt.ca\/fr\/wp-json\/wp\/v2\/posts"}],"about":[{"href":"https:\/\/cannrt.ca\/fr\/wp-json\/wp\/v2\/types\/post"}],"author":[{"embeddable":true,"href":"https:\/\/cannrt.ca\/fr\/wp-json\/wp\/v2\/users\/19"}],"replies":[{"embeddable":true,"href":"https:\/\/cannrt.ca\/fr\/wp-json\/wp\/v2\/comments?post=54909"}],"version-history":[{"count":5,"href":"https:\/\/cannrt.ca\/fr\/wp-json\/wp\/v2\/posts\/54909\/revisions"}],"predecessor-version":[{"id":54914,"href":"https:\/\/cannrt.ca\/fr\/wp-json\/wp\/v2\/posts\/54909\/revisions\/54914"}],"wp:featuredmedia":[{"embeddable":true,"href":"https:\/\/cannrt.ca\/fr\/wp-json\/wp\/v2\/media\/54904"}],"wp:attachment":[{"href":"https:\/\/cannrt.ca\/fr\/wp-json\/wp\/v2\/media?parent=54909"}],"wp:term":[{"taxonomy":"category","embeddable":true,"href":"https:\/\/cannrt.ca\/fr\/wp-json\/wp\/v2\/categories?post=54909"},{"taxonomy":"post_tag","embeddable":true,"href":"https:\/\/cannrt.ca\/fr\/wp-json\/wp\/v2\/tags?post=54909"}],"curies":[{"name":"wp","href":"https:\/\/api.w.org\/{rel}","templated":true}]}}