{"id":53752,"date":"2025-12-12T07:53:00","date_gmt":"2025-12-12T07:53:00","guid":{"rendered":"https:\/\/cannrt.ca\/trainee-network-of-networks\/"},"modified":"2026-02-11T16:32:30","modified_gmt":"2026-02-11T16:32:30","slug":"candidatures-reseau-des-reseaux","status":"publish","type":"post","link":"https:\/\/cannrt.ca\/fr\/candidatures-reseau-des-reseaux\/","title":{"rendered":"Appel \u00e0 candidatures | Repr\u00e9sentant\u00b7e\u00b7s \u00e9tudiant\u00b7e\u00b7s \u00e0 la retraite \u00ab R\u00e9seau des r\u00e9seaux \u00bb"},"content":{"rendered":"\t\t<div data-elementor-type=\"wp-post\" data-elementor-id=\"53752\" class=\"elementor elementor-53752 elementor-53725\" data-elementor-post-type=\"post\">\n\t\t\t\t<div class=\"elementor-element elementor-element-69da1636 e-flex e-con-boxed wpr-particle-no wpr-jarallax-no wpr-parallax-no wpr-sticky-section-no e-con e-parent\" data-id=\"69da1636\" data-element_type=\"container\" data-e-type=\"container\">\n\t\t\t\t\t<div class=\"e-con-inner\">\n\t\t\t\t<div class=\"elementor-element elementor-element-1563a33 elementor-widget elementor-widget-text-editor\" data-id=\"1563a33\" data-element_type=\"widget\" data-e-type=\"widget\" data-widget_type=\"text-editor.default\">\n\t\t\t\t<div class=\"elementor-widget-container\">\n\t\t\t\t\t\t\t\t\t<p data-start=\"342\" data-end=\"654\"><strong>La Plateforme canadienne de formation en recherche neurod\u00e9veloppementale (CanFRN) invite les membres \u00e9tudiant\u00b7e\u00b7s int\u00e9ress\u00e9\u00b7e\u00b7s \u00e0 repr\u00e9senter les communaut\u00e9s \u00e9tudiantes du CanFRN et du R\u00e9seau pour transformer les soins en autisme (RTSA) \u00e0 poser leur candidature pour la retraite \u00abR\u00e9seau des r\u00e9seaux\u00bb.<\/strong><\/p><p data-start=\"656\" data-end=\"980\">Cette rencontre r\u00e9unit des repr\u00e9sentant\u00b7e\u00b7s de r\u00e9seaux nationaux de recherche et de formation afin de renforcer la collaboration, \u00e9changer des id\u00e9es et r\u00e9fl\u00e9chir \u00e0 l\u2019avenir de la recherche en neurod\u00e9veloppement au Canada. L\u2019\u00e9dition 2026 aura lieu \u00e0 l\u2019H\u00f4tel-Mus\u00e9e Premi\u00e8res Nations, \u00e0 Wendake (Qu\u00e9bec), du 15 au 17 f\u00e9vrier.<\/p>\t\t\t\t\t\t\t\t<\/div>\n\t\t\t\t<\/div>\n\t\t\t\t<div class=\"elementor-element elementor-element-07763ab elementor-widget elementor-widget-button\" data-id=\"07763ab\" data-element_type=\"widget\" data-e-type=\"widget\" data-widget_type=\"button.default\">\n\t\t\t\t<div class=\"elementor-widget-container\">\n\t\t\t\t\t\t\t\t\t<div class=\"elementor-button-wrapper\">\n\t\t\t\t\t<a class=\"elementor-button elementor-button-link elementor-size-sm\" href=\"https:\/\/cannrt.ca\/fr\/network-of-networks\/\">\n\t\t\t\t\t\t<span class=\"elementor-button-content-wrapper\">\n\t\t\t\t\t\t\t\t\t<span class=\"elementor-button-text\">En savoir plus sur la retraite<\/span>\n\t\t\t\t\t<\/span>\n\t\t\t\t\t<\/a>\n\t\t\t\t<\/div>\n\t\t\t\t\t\t\t\t<\/div>\n\t\t\t\t<\/div>\n\t\t\t\t<div class=\"elementor-element elementor-element-439a642 elementor-widget elementor-widget-text-editor\" data-id=\"439a642\" data-element_type=\"widget\" data-e-type=\"widget\" data-widget_type=\"text-editor.default\">\n\t\t\t\t<div class=\"elementor-widget-container\">\n\t\t\t\t\t\t\t\t\t<h3 data-start=\"938\" data-end=\"967\"><strong>Description de l\u2019occasion<\/strong><\/h3><p>Le Comit\u00e9 d\u2019\u00e9valuation et de s\u00e9lection du CanFRN choisira jusqu\u2019\u00e0 trois repr\u00e9sentant\u00b7e\u00b7s \u00e9tudiant\u00b7e\u00b7s pour participer \u00e0 la retraite et contribuer activement aux discussions nationales portant sur les r\u00e9seaux de recherche, la collaboration et le d\u00e9veloppement des capacit\u00e9s.<\/p><p>Les personnes s\u00e9lectionn\u00e9es pourront :<\/p><ul><li>\u00c9changer avec des responsables et repr\u00e9sentant\u00b7e\u00b7s de r\u00e9seaux, organismes subventionnaires et organisations partenaires.<\/li><li>Contribuer aux discussions qui orientent les priorit\u00e9s futures en recherche et formation en neurod\u00e9veloppement.<\/li><li>Transmettre les perspectives \u00e9tudiantes et veiller \u00e0 ce qu\u2019elles soient pr\u00e9sentes dans les \u00e9changes nationaux.<\/li><li>D\u00e9velopper leur visibilit\u00e9 et \u00e9largir leurs r\u00e9seaux professionnels.<\/li><li>D\u00e9couvrir Wendake et s\u2019initier \u00e0 la culture et aux traditions de la Nation huronne-wendat.<\/li><\/ul><h3><strong>\u00a0<\/strong><\/h3><h3 data-start=\"1860\" data-end=\"1877\"><strong>Admissibilit\u00e9<\/strong><\/h3><p data-start=\"1879\" data-end=\"2005\">Cette occasion s\u2019adresse aux membres \u00e9tudiant\u00b7e\u00b7s inscrit\u00b7e\u00b7s du CanFRN et\/ou du RTSA.<\/p><h6><em><strong>Vous n\u2019\u00eates pas encore membre ?<\/strong> Inscrivez-vous gratuitement sur les sites Web du <a href=\"https:\/\/cannrt.ca\/fr\/adhesion\/\">CanFRN<\/a> et du <a href=\"https:\/\/rtsa-tacc.com\/fr\/devenir-membre\/\">RTSA<\/a>.<\/em><i><\/i><\/h6>\t\t\t\t\t\t\t\t<\/div>\n\t\t\t\t<\/div>\n\t\t\t\t\t<\/div>\n\t\t\t\t<\/div>\n\t\t<div class=\"elementor-element elementor-element-79edfb6 e-flex e-con-boxed wpr-particle-no wpr-jarallax-no wpr-parallax-no wpr-sticky-section-no e-con e-parent\" data-id=\"79edfb6\" data-element_type=\"container\" data-e-type=\"container\" data-settings=\"{&quot;background_background&quot;:&quot;classic&quot;}\">\n\t\t\t\t\t<div class=\"e-con-inner\">\n\t\t\t\t<div class=\"elementor-element elementor-element-ff105bc elementor-widget__width-initial elementor-widget elementor-widget-text-editor\" data-id=\"ff105bc\" data-element_type=\"widget\" data-e-type=\"widget\" data-widget_type=\"text-editor.default\">\n\t\t\t\t<div class=\"elementor-widget-container\">\n\t\t\t\t\t\t\t\t\t<h3 data-start=\"2116\" data-end=\"2148\"><strong>Comment poser sa candidature<\/strong><\/h3><p><span lang=\"EN-CA\" xml:lang=\"EN-CA\" data-contrast=\"auto\">Veuillez faire parvenir un seul document PDF en fran\u00e7ais ou en anglais \u00e0 <\/span><a style=\"font-weight: bold;\" href=\"mailto:cannrt@mcgill.ca\" target=\"_blank\" rel=\"noreferrer noopener\"><span lang=\"EN-CA\" xml:lang=\"EN-CA\" data-contrast=\"none\"><span data-ccp-charstyle=\"Hyperlink\">cannrt@mcgill.ca<\/span><\/span><\/a>,<b> <\/b>comprenant<span lang=\"EN-CA\" xml:lang=\"EN-CA\" data-contrast=\"auto\">\u00a0:<\/span><\/p><p data-start=\"2281\" data-end=\"2320\"><strong data-start=\"2281\" data-end=\"2318\">1. Renseignements personnels :<\/strong><\/p><ul><li>Pr\u00e9nom et nom<\/li><li>Niveau d\u2019\u00e9tudes (\u00c9tudiant\u00b7e \u00e0 la ma\u00eetrise, \u00c9tudiant\u00b7e au doctorat, Personne stagiaire postdoctorale)<\/li><li>Universit\u00e9 et d\u00e9partement<\/li><li>Nom complet de votre directeur\u00b7trice de recherche<\/li><li>Liste des r\u00e9seaux auxquels vous \u00eates affili\u00e9\u00b7e (le cas \u00e9ch\u00e9ant)<\/li><\/ul><p data-start=\"2538\" data-end=\"2613\"><strong data-start=\"2538\" data-end=\"2611\"><br \/>2. R\u00e9ponses aux questions suivantes (max. 100 mots chacune) :<\/strong><\/p><ul><li data-start=\"2640\" data-end=\"2761\">Pourquoi souhaitez-vous participer et comment pr\u00e9voyez-vous repr\u00e9senter les perspectives \u00e9tudiantes durant la retraite?<\/li><li data-start=\"2764\" data-end=\"2896\">D\u00e9crivez votre participation \u00e0 des r\u00e9seaux locaux, nationaux ou internationaux, ainsi que les exp\u00e9riences que vous en avez tir\u00e9es.<\/li><li data-start=\"2899\" data-end=\"3016\">Comment pr\u00e9voyez-vous partager ce que vous aurez appris au-del\u00e0 des communaut\u00e9s \u00e9tudiantes du CanFRN et\/ou du RTSA?<\/li><\/ul>\t\t\t\t\t\t\t\t<\/div>\n\t\t\t\t<\/div>\n\t\t\t\t\t<\/div>\n\t\t\t\t<\/div>\n\t\t<div class=\"elementor-element elementor-element-469ab54 e-flex e-con-boxed wpr-particle-no wpr-jarallax-no wpr-parallax-no wpr-sticky-section-no e-con e-parent\" data-id=\"469ab54\" data-element_type=\"container\" data-e-type=\"container\" data-settings=\"{&quot;background_background&quot;:&quot;classic&quot;}\">\n\t\t\t\t\t<div class=\"e-con-inner\">\n\t\t\t\t<div class=\"elementor-element elementor-element-d23778b elementor-widget__width-initial elementor-widget elementor-widget-text-editor\" data-id=\"d23778b\" data-element_type=\"widget\" data-e-type=\"widget\" data-widget_type=\"text-editor.default\">\n\t\t\t\t<div class=\"elementor-widget-container\">\n\t\t\t\t\t\t\t\t\t<h3 data-start=\"3034\" data-end=\"3055\"><strong>Dates importantes<\/strong><\/h3>\n<ul>\n<li data-start=\"3057\" data-end=\"3143\">\n<p data-start=\"3059\" data-end=\"3143\"><strong data-start=\"3059\" data-end=\"3102\">Date limite pour poser sa candidature :<\/strong> vendredi 12 d\u00e9cembre 2025, \u00e0 12 h (HE)<\/p>\n<\/li>\n<li data-start=\"3144\" data-end=\"3214\">\n<p data-start=\"3146\" data-end=\"3214\"><strong data-start=\"3146\" data-end=\"3187\">Annonce des personnes s\u00e9lectionn\u00e9es :<\/strong>&nbsp;vendredi 16 janvier 2026<\/p>\n<\/li>\n<\/ul>\t\t\t\t\t\t\t\t<\/div>\n\t\t\t\t<\/div>\n\t\t\t\t\t<\/div>\n\t\t\t\t<\/div>\n\t\t<div class=\"elementor-element elementor-element-2ecf176 e-flex e-con-boxed wpr-particle-no wpr-jarallax-no wpr-parallax-no wpr-sticky-section-no e-con e-parent\" data-id=\"2ecf176\" data-element_type=\"container\" data-e-type=\"container\">\n\t\t\t\t\t<div class=\"e-con-inner\">\n\t\t\t\t<div class=\"elementor-element elementor-element-9c076a1 elementor-widget__width-initial elementor-widget elementor-widget-text-editor\" data-id=\"9c076a1\" data-element_type=\"widget\" data-e-type=\"widget\" data-widget_type=\"text-editor.default\">\n\t\t\t\t<div class=\"elementor-widget-container\">\n\t\t\t\t\t\t\t\t\t<p data-start=\"3216\" data-end=\"3380\"><strong>Nous avons h\u00e2te de recevoir vos candidatures et vous remercions de votre int\u00e9r\u00eat \u00e0 renforcer la communaut\u00e9 de la recherche en neurod\u00e9veloppement.<\/strong><\/p><h6 data-start=\"3387\" data-end=\"3399\"><em><strong>Notez<\/strong> : L\u2019h\u00e9bergement, les repas et les activit\u00e9s sont couverts pour les participant\u00b7e\u00b7s s\u00e9lectionn\u00e9\u00b7e\u00b7s. Le d\u00e9placement vers Qu\u00e9bec est aux frais des participant\u00b7e\u00b7s. Les Fellows du CanFRN peuvent utiliser leur Passeport de formation pour appuyer les co\u00fbts de d\u00e9placement.<\/em><\/h6>\t\t\t\t\t\t\t\t<\/div>\n\t\t\t\t<\/div>\n\t\t\t\t<div class=\"elementor-element elementor-element-ef1f72c elementor-widget__width-initial elementor-widget elementor-widget-text-editor\" data-id=\"ef1f72c\" data-element_type=\"widget\" data-e-type=\"widget\" data-widget_type=\"text-editor.default\">\n\t\t\t\t<div class=\"elementor-widget-container\">\n\t\t\t\t\t\t\t\t\t<h3><strong>Questions ?\u00a0<\/strong><\/h3><p><strong>Contact : <br \/><\/strong>Ellie-Anna Minogianis, <br \/>Gestionnaire du programme de formation, CanFRN<br \/><strong><a href=\"mailto:cannrt@mcgill.ca\">cannrt@mcgill.ca\u00a0<\/a><\/strong><\/p>\t\t\t\t\t\t\t\t<\/div>\n\t\t\t\t<\/div>\n\t\t\t\t\t<\/div>\n\t\t\t\t<\/div>\n\t\t\t\t<\/div>\n\t\t","protected":false},"excerpt":{"rendered":"<p><b>Date limite pour poser sa candidature<\/b>: 12 d\u00e9cembre 2025<\/br><\/p>\n","protected":false},"author":16,"featured_media":53731,"comment_status":"closed","ping_status":"closed","sticky":false,"template":"","format":"standard","meta":{"footnotes":""},"categories":[60],"tags":[],"class_list":["post-53752","post","type-post","status-publish","format-standard","has-post-thumbnail","hentry","category-evenements-passes"],"aioseo_notices":[],"_links":{"self":[{"href":"https:\/\/cannrt.ca\/fr\/wp-json\/wp\/v2\/posts\/53752","targetHints":{"allow":["GET"]}}],"collection":[{"href":"https:\/\/cannrt.ca\/fr\/wp-json\/wp\/v2\/posts"}],"about":[{"href":"https:\/\/cannrt.ca\/fr\/wp-json\/wp\/v2\/types\/post"}],"author":[{"embeddable":true,"href":"https:\/\/cannrt.ca\/fr\/wp-json\/wp\/v2\/users\/16"}],"replies":[{"embeddable":true,"href":"https:\/\/cannrt.ca\/fr\/wp-json\/wp\/v2\/comments?post=53752"}],"version-history":[{"count":18,"href":"https:\/\/cannrt.ca\/fr\/wp-json\/wp\/v2\/posts\/53752\/revisions"}],"predecessor-version":[{"id":54362,"href":"https:\/\/cannrt.ca\/fr\/wp-json\/wp\/v2\/posts\/53752\/revisions\/54362"}],"wp:featuredmedia":[{"embeddable":true,"href":"https:\/\/cannrt.ca\/fr\/wp-json\/wp\/v2\/media\/53731"}],"wp:attachment":[{"href":"https:\/\/cannrt.ca\/fr\/wp-json\/wp\/v2\/media?parent=53752"}],"wp:term":[{"taxonomy":"category","embeddable":true,"href":"https:\/\/cannrt.ca\/fr\/wp-json\/wp\/v2\/categories?post=53752"},{"taxonomy":"post_tag","embeddable":true,"href":"https:\/\/cannrt.ca\/fr\/wp-json\/wp\/v2\/tags?post=53752"}],"curies":[{"name":"wp","href":"https:\/\/api.w.org\/{rel}","templated":true}]}}