{"id":53464,"date":"2025-10-17T00:08:37","date_gmt":"2025-10-17T00:08:37","guid":{"rendered":"https:\/\/cannrt.ca\/?p=53464"},"modified":"2025-10-24T19:52:25","modified_gmt":"2025-10-24T19:52:25","slug":"eric-fombonne","status":"publish","type":"post","link":"https:\/\/cannrt.ca\/fr\/eric-fombonne\/","title":{"rendered":"En conversation avec Eric Fombonne : d\u00e9fenseur mondial de la rigueur scientifique et pionnier de la formation de la prochaine g\u00e9n\u00e9ration"},"content":{"rendered":"\t\t<div data-elementor-type=\"wp-post\" data-elementor-id=\"53464\" class=\"elementor elementor-53464 elementor-53457\" data-elementor-post-type=\"post\">\n\t\t\t\t<div class=\"elementor-element elementor-element-01a211e e-flex e-con-boxed wpr-particle-no wpr-jarallax-no wpr-parallax-no wpr-sticky-section-no e-con e-parent\" data-id=\"01a211e\" data-element_type=\"container\" data-e-type=\"container\">\n\t\t\t\t\t<div class=\"e-con-inner\">\n\t\t\t\t<div class=\"elementor-element elementor-element-806c4ca elementor-widget elementor-widget-text-editor\" data-id=\"806c4ca\" data-element_type=\"widget\" data-e-type=\"widget\" data-widget_type=\"text-editor.default\">\n\t\t\t\t<div class=\"elementor-widget-container\">\n\t\t\t\t\t\t\t\t\t<h4><strong><a href=\"https:\/\/www.acamh.org\/journal\/meet-the-editors-jcpp\/dr-eric-fombonne\/\">Eric Fombonne<\/a>, p\u00e9dopsychiatre, est professeur \u00e9m\u00e9rite de psychiatrie \u00e0 l\u2019Oregon Health and Science University. Il a auparavant occup\u00e9 des postes de direction \u00e0 l\u2019Universit\u00e9 McGill et \u00e0 l\u2019H\u00f4pital de Montr\u00e9al pour enfants. Au cours de sa longue carri\u00e8re, il a travaill\u00e9 cliniquement aupr\u00e8s de personnes autistes tout en dirigeant des recherches \u00e9pid\u00e9miologiques qui ont remis en question la d\u00e9sinformation sur les causes de l\u2019autisme.\u00a0<\/strong><\/h4><p><span data-contrast=\"auto\">Son influence s\u2019\u00e9tend \u00e0 l\u2019\u00e9chelle mondiale. Auteur de plus de 390 articles \u00e9valu\u00e9s par les pairs et de 50 chapitres d\u2019ouvrages, il est \u00e9galement cor\u00e9dacteur en chef du <strong><a href=\"https:\/\/acamh.onlinelibrary.wiley.com\/journal\/14697610\"><i>Journal of Child Psychology and Psychiatry<\/i><\/a><\/strong><\/span><span data-contrast=\"auto\">. Sa carri\u00e8re l\u2019a men\u00e9 de la France au Royaume-Uni, puis au Canada et aux \u00c9tats-Unis, fa\u00e7onnant la recherche et les soins li\u00e9s \u00e0 l\u2019autisme sur plusieurs continents. En 2004, il a fond\u00e9 le programme <\/span><i><span data-contrast=\"auto\">Autism Research Training (ART)<\/span><\/i><span data-contrast=\"auto\"> \u00e0 McGill afin de combler une lacune dans la formation en recherche int\u00e9gr\u00e9e sur l\u2019autisme \u2014 une initiative qui a jet\u00e9 les bases de ce qui est aujourd\u2019hui le CanFRN.<\/span><span data-ccp-props=\"{&quot;335559738&quot;:240,&quot;335559739&quot;:240}\">\u00a0<\/span><\/p><p><span data-contrast=\"auto\">Au-del\u00e0 de ses propres travaux, son h\u00e9ritage se refl\u00e8te dans les nombreuses personnes qu\u2019il a form\u00e9es et qui dirigent d\u00e9sormais des laboratoires et des programmes \u00e0 travers le monde \u2014 une v\u00e9ritable \u201cg\u00e9n\u00e9alogie\u201d mentor\u00b7e\u2013mentor\u00e9\u00b7e mise en lumi\u00e8re sur la <strong><a href=\"https:\/\/www.thetransmitter.org\/wp-content\/uploads\/2024\/04\/chronicle-of-a-field-retold-with-cover.pdf\"><i>Spectrum\u2019s Mentor Map<\/i><\/a><\/strong><i>.<\/i>\u00a0<\/span><\/p><p><span data-contrast=\"auto\">Lors de l\u2019\u00c9cole d\u2019\u00e9t\u00e9 annuelle 2025 du CanFRN, Eric est revenu sur son parcours et a partag\u00e9 ses conseils \u00e0 la prochaine g\u00e9n\u00e9ration de chercheur\u00b7euse\u00b7s.<\/span><span data-ccp-props=\"{&quot;335559738&quot;:240,&quot;335559739&quot;:240}\">\u00a0<\/span><\/p>\t\t\t\t\t\t\t\t<\/div>\n\t\t\t\t<\/div>\n\t\t\t\t<div class=\"elementor-element elementor-element-05af9be elementor-widget elementor-widget-text-editor\" data-id=\"05af9be\" data-element_type=\"widget\" data-e-type=\"widget\" data-widget_type=\"text-editor.default\">\n\t\t\t\t<div class=\"elementor-widget-container\">\n\t\t\t\t\t\t\t\t\t<h4><strong>Comment \u00eates-vous impliqu\u00e9 dans le CanFRN ?<\/strong><\/h4><p><b><span data-contrast=\"auto\">Fombonne :<\/span><\/b><span data-contrast=\"auto\"> Je suis membre du corps professoral du CanFRN et j\u2019enseigne aux boursier\u00b7\u00e8re\u00b7s des s\u00e9ances sur l\u2019\u00e9pid\u00e9miologie de l\u2019autisme et la recherche sur les facteurs de risque environnementaux.<\/span><span data-ccp-props=\"{&quot;335559738&quot;:240,&quot;335559739&quot;:240}\">\u00a0<\/span><\/p><p><span data-contrast=\"auto\">J\u2019ai fond\u00e9 le premier programme de formation, le <\/span><i><span data-contrast=\"auto\">Autism Research Training (ART)<\/span><\/i><span data-contrast=\"auto\">, en 2004 gr\u00e2ce \u00e0 une subvention des Instituts de recherche en sant\u00e9 du Canada (IRSC).<\/span><span data-ccp-props=\"{&quot;335559738&quot;:240,&quot;335559739&quot;:240}\">\u00a0<\/span><\/p>\t\t\t\t\t\t\t\t<\/div>\n\t\t\t\t<\/div>\n\t\t\t\t<div class=\"elementor-element elementor-element-e1214e7 elementor-widget elementor-widget-video\" data-id=\"e1214e7\" data-element_type=\"widget\" data-e-type=\"widget\" data-settings=\"{&quot;youtube_url&quot;:&quot;https:\\\/\\\/youtu.be\\\/gFVfHgHYqWA&quot;,&quot;video_type&quot;:&quot;youtube&quot;,&quot;controls&quot;:&quot;yes&quot;}\" data-widget_type=\"video.default\">\n\t\t\t\t<div class=\"elementor-widget-container\">\n\t\t\t\t\t\t\t<div class=\"elementor-wrapper elementor-open-inline\">\n\t\t\t<div class=\"elementor-video\"><\/div>\t\t<\/div>\n\t\t\t\t\t\t<\/div>\n\t\t\t\t<\/div>\n\t\t\t\t<div class=\"elementor-element elementor-element-4a021d0 elementor-widget elementor-widget-text-editor\" data-id=\"4a021d0\" data-element_type=\"widget\" data-e-type=\"widget\" data-widget_type=\"text-editor.default\">\n\t\t\t\t<div class=\"elementor-widget-container\">\n\t\t\t\t\t\t\t\t\t<h6 data-start=\"0\" data-end=\"384\">\u00ab Former la prochaine g\u00e9n\u00e9ration, c\u2019est bien plus qu\u2019enseigner : c\u2019est cr\u00e9er des liens, collaborer et partager un m\u00eame objectif \u00bb, explique le Dr Eric Fombonne, en r\u00e9fl\u00e9chissant aux origines et \u00e0 l\u2019impact durable du mod\u00e8le collaboratif du CanFRN.<br \/>(Production : Desmond Dyson)<\/h6>\t\t\t\t\t\t\t\t<\/div>\n\t\t\t\t<\/div>\n\t\t\t\t<div class=\"elementor-element elementor-element-d0134f1 elementor-widget elementor-widget-text-editor\" data-id=\"d0134f1\" data-element_type=\"widget\" data-e-type=\"widget\" data-widget_type=\"text-editor.default\">\n\t\t\t\t<div class=\"elementor-widget-container\">\n\t\t\t\t\t\t\t\t\t<h4><strong>Qu\u2019est-ce qui vous motive ?<\/strong><\/h4><p><b><span data-contrast=\"auto\">Fombonne :<\/span><\/b><span data-contrast=\"auto\"> Je me consacre \u00e0 l\u2019am\u00e9lioration de la vie des personnes autistes et de leurs familles depuis mes d\u00e9buts en recherche sur l\u2019autisme, en 1986.<\/span><span data-ccp-props=\"{&quot;335559738&quot;:240,&quot;335559739&quot;:240}\">\u00a0<\/span><\/p><p><span data-contrast=\"auto\">Au fil des ann\u00e9es, j\u2019ai mis sur pied des programmes cliniques et de recherche utilisant des approches \u00e9pid\u00e9miologiques pour \u00e9tudier l\u2019autisme, ses trajectoires, ses corr\u00e9lations, ses fondements g\u00e9n\u00e9tiques, et plus encore.<\/span><span data-ccp-props=\"{&quot;335559738&quot;:240,&quot;335559739&quot;:240}\">\u00a0<\/span><\/p><p><span data-contrast=\"auto\">Dans le cadre de ces activit\u00e9s, le transfert de connaissances et le travail en partenariat avec des associations familiales et des organismes communautaires occupent une place importante.<\/span><span data-ccp-props=\"{&quot;335559738&quot;:240,&quot;335559739&quot;:240}\">\u00a0<\/span><\/p>\t\t\t\t\t\t\t\t<\/div>\n\t\t\t\t<\/div>\n\t\t\t\t<div class=\"elementor-element elementor-element-5bad67e elementor-widget elementor-widget-text-editor\" data-id=\"5bad67e\" data-element_type=\"widget\" data-e-type=\"widget\" data-widget_type=\"text-editor.default\">\n\t\t\t\t<div class=\"elementor-widget-container\">\n\t\t\t\t\t\t\t\t\t<h4><strong><span class=\"TextRun SCXW81359175 BCX0\" lang=\"FR-CA\" xml:lang=\"FR-CA\" data-contrast=\"none\"><span class=\"NormalTextRun SCXW81359175 BCX0\" data-ccp-parastyle=\"heading 3\">En quoi vos travaux font-ils progresser la recherche sur le neurod\u00e9veloppement ?<\/span><\/span><span class=\"EOP SCXW81359175 BCX0\" data-ccp-props=\"{&quot;134245418&quot;:true,&quot;134245529&quot;:true,&quot;335559738&quot;:281,&quot;335559739&quot;:281}\">\u00a0<\/span><\/strong><\/h4><p><b><span data-contrast=\"auto\">Fombonne :<\/span><\/b><span data-contrast=\"auto\"> J\u2019ai \u00e9t\u00e9 activement impliqu\u00e9 dans la controverse sur les vaccins et men\u00e9 des recherches qui ont r\u00e9fut\u00e9 l\u2019hypoth\u00e8se d\u2019un lien entre le vaccin contre la rougeole et le risque d\u2019autisme, ainsi qu\u2019entre l\u2019autisme et les vaccins contenant du thim\u00e9rosal.<\/span><span data-ccp-props=\"{&quot;335559738&quot;:240,&quot;335559739&quot;:240}\">\u00a0<\/span><\/p><p><span data-contrast=\"auto\">\u00c0 titre de t\u00e9moin expert, j\u2019ai contribu\u00e9 aux litiges du milieu des ann\u00e9es 2000, qui ont conduit au rejet de cette hypoth\u00e8se.<\/span><span data-ccp-props=\"{&quot;335559738&quot;:240,&quot;335559739&quot;:240}\">\u00a0<\/span><\/p><p><span data-contrast=\"auto\">Je poursuis le m\u00eame travail dans des litiges r\u00e9cents portant sur de nouvelles \u00ab th\u00e9ories \u00bb de l\u2019autisme qui, comme la saga des vaccins, ne reposent sur aucune base empirique et repr\u00e9sentent une menace s\u00e9rieuse pour la sant\u00e9 publique.<\/span><span data-ccp-props=\"{&quot;335559738&quot;:240,&quot;335559739&quot;:240}\">\u00a0<\/span><\/p>\t\t\t\t\t\t\t\t<\/div>\n\t\t\t\t<\/div>\n\t\t\t\t<div class=\"elementor-element elementor-element-aca1723 elementor-widget elementor-widget-text-editor\" data-id=\"aca1723\" data-element_type=\"widget\" data-e-type=\"widget\" data-widget_type=\"text-editor.default\">\n\t\t\t\t<div class=\"elementor-widget-container\">\n\t\t\t\t\t\t\t\t\t<h4><b><span data-contrast=\"auto\">Quels sont les d\u00e9fis actuels li\u00e9s \u00e0 la d\u00e9sinformation pour les chercheur\u00b7euse\u00b7s ?<\/span><\/b><span data-ccp-props=\"{}\">\u00a0<\/span><\/h4><p><b><span data-contrast=\"auto\">Fombonne :<\/span><\/b><span data-contrast=\"auto\"> Certaines \u00e9tudes \u2013 mais pas toutes \u2013 ont sugg\u00e9r\u00e9 une association entre l\u2019exposition pr\u00e9natale \u00e0 l\u2019ac\u00e9taminoph\u00e8ne et un risque accru d\u2019autisme ou de TDAH chez la descendance. La plupart de ces associations observ\u00e9es sont confondues, car il est difficile d\u2019\u00e9valuer la quantit\u00e9 exacte d\u2019ac\u00e9taminoph\u00e8ne consomm\u00e9e par les personnes enceintes pour un m\u00e9dicament en vente libre.<\/span><span data-ccp-props=\"{&quot;335559738&quot;:240,&quot;335559739&quot;:240}\">\u00a0<\/span><\/p><p><span data-contrast=\"auto\">Les raisons de la prise d\u2019ac\u00e9taminoph\u00e8ne (migraine, fi\u00e8vre, douleur) ne sont pas toujours enregistr\u00e9es ni rappel\u00e9es avec pr\u00e9cision, ce qui cr\u00e9e un biais de confusion par indication. On ne peut donc pas ajuster ad\u00e9quatement les analyses, et l\u2019on ignore si les associations observ\u00e9es refl\u00e8tent un effet direct du m\u00e9dicament sur le risque d\u2019autisme ou simplement la fr\u00e9quence accrue de ses indications chez les m\u00e8res d\u2019enfants autistes.<\/span><span data-ccp-props=\"{&quot;335559738&quot;:240,&quot;335559739&quot;:240}\">\u00a0<\/span><\/p><p><span data-contrast=\"auto\">Dans deux grandes \u00e9tudes populationnelles men\u00e9es en Su\u00e8de et au Japon, les chercheur\u00b7euse\u00b7s ont pu effectuer des comparaisons entre fratries tenant compte des facteurs familiaux et g\u00e9n\u00e9tiques partag\u00e9s. Ces analyses ont montr\u00e9 que les associations initialement significatives disparaissaient dans les analyses intrafamiliales, fournissant ainsi des preuves solides contre un lien causal entre l\u2019exposition pr\u00e9natale \u00e0 l\u2019ac\u00e9taminoph\u00e8ne et le risque d\u2019autisme.<\/span><span data-ccp-props=\"{&quot;335559738&quot;:240,&quot;335559739&quot;:240}\">\u00a0<\/span><\/p><p><span data-contrast=\"auto\">Pour en savoir plus, lisez mon <\/span><strong><a href=\"https:\/\/link.springer.com\/epdf\/10.1007\/s10654-025-01316-8?sharing_token=Jr1Ji81NwfQ_Ouq5H0D7Afe4RwlQNchNByi7wbcMAY4Z9d4UXRK3ufDtcnDFC0pjs9whZzX8xdrE5fPsPVpLNZJAF84bL8R68038QVQsZG_-EyM5q5FFifMQacFbk1awdmw9CzoBNod0u4LvEgbg9PYuD9sexeFhfDKiAVgIxPk%3D\">commentaire<\/a><\/strong><span data-contrast=\"auto\"> r\u00e9cent dans le <\/span><i><span data-contrast=\"auto\">European Journal of Epidemiology<\/span><\/i><span data-contrast=\"auto\"> (septembre 2025)\u00a0<\/span>et mon\u00a0<a href=\"https:\/\/acamh.onlinelibrary.wiley.com\/share\/UR2KBJKXFMAEBFTZREGY?target=10.1111\/jcpp.70064\" target=\"_blank\" rel=\"noopener\"><b>\u00e9ditorial\u00a0<\/b><\/a>dans <em data-start=\"181\" data-end=\"229\">The Journal of Child Psychology and Psychiatry<\/em> (octobre 2025).\u00a0<\/p>\t\t\t\t\t\t\t\t<\/div>\n\t\t\t\t<\/div>\n\t\t\t\t<div class=\"elementor-element elementor-element-6eff3ec elementor-widget elementor-widget-text-editor\" data-id=\"6eff3ec\" data-element_type=\"widget\" data-e-type=\"widget\" data-widget_type=\"text-editor.default\">\n\t\t\t\t<div class=\"elementor-widget-container\">\n\t\t\t\t\t\t\t\t\t<h4 aria-level=\"3\"><b><span data-contrast=\"none\">Quels conseils souhaitez-vous donner aux chercheur\u00b7euse\u00b7s en d\u00e9but de carri\u00e8re ?<\/span><\/b><span data-ccp-props=\"{&quot;134245418&quot;:true,&quot;134245529&quot;:true,&quot;335559738&quot;:281,&quot;335559739&quot;:281}\">\u00a0<\/span><\/h4><p><b><span data-contrast=\"auto\">Fombonne :<\/span><\/b><span data-contrast=\"auto\"> La transdisciplinarit\u00e9 est une caract\u00e9ristique remarquable du CanFRN, et la mise en r\u00e9seau entre les boursier\u00b7\u00e8re\u00b7s et les membres du corps professoral constitue une exp\u00e9rience pr\u00e9cieuse et irrempla\u00e7able.<\/span><span data-ccp-props=\"{&quot;335559738&quot;:240,&quot;335559739&quot;:240}\">\u00a0<\/span><\/p><p><span data-contrast=\"auto\">Je souhaite que les boursier\u00b7\u00e8re\u00b7s entretiennent et d\u00e9veloppent les relations qu\u2019iels ont nou\u00e9es avec leurs coll\u00e8gues pendant le CanFRN. Avoir un groupe de pair\u00b7e\u00b7s solidaire et diversifi\u00e9\u00b7e\u00b7s les soutiendra tout au long de leur carri\u00e8re.<\/span><span data-ccp-props=\"{&quot;335559738&quot;:240,&quot;335559739&quot;:240}\">\u00a0<\/span><\/p><p><span data-contrast=\"auto\">De plus, les attaques actuelles contre la science de la part de certaines autorit\u00e9s ou organisations risquent, au cours de la prochaine d\u00e9cennie, d\u2019engendrer une vague d\u2019\u00e9tudes de faible qualit\u00e9, de mauvaises interpr\u00e9tations des donn\u00e9es, et de nouvelles th\u00e9ories complotistes. En restant fermement ancr\u00e9\u00b7e\u00b7s du c\u00f4t\u00e9 des donn\u00e9es empiriques et des faits, et en \u00e9vitant l\u2019isolement, iels seront mieux arm\u00e9\u00b7e\u00b7s pour r\u00e9sister \u00e0 ces assauts.<\/span><span data-ccp-props=\"{&quot;335559738&quot;:240,&quot;335559739&quot;:240}\">\u00a0<\/span><\/p>\t\t\t\t\t\t\t\t<\/div>\n\t\t\t\t<\/div>\n\t\t\t\t<div class=\"elementor-element elementor-element-eb372d2 elementor-widget elementor-widget-text-editor\" data-id=\"eb372d2\" data-element_type=\"widget\" data-e-type=\"widget\" data-widget_type=\"text-editor.default\">\n\t\t\t\t<div class=\"elementor-widget-container\">\n\t\t\t\t\t\t\t\t\t<h4 aria-level=\"3\"><b><span data-contrast=\"auto\">Restez connect\u00e9\u00b7e\u00b7s<\/span><\/b><span data-ccp-props=\"{&quot;134245418&quot;:true,&quot;134245529&quot;:true,&quot;335559738&quot;:281,&quot;335559739&quot;:281}\">\u00a0<\/span><\/h4><p><span data-contrast=\"auto\">Vous souhaitez suivre l\u2019impact continu d\u2019Eric ? <\/span><\/p><p><span data-contrast=\"auto\">Consultez son <\/span><strong><a href=\"https:\/\/www.acamh.org\/journal\/meet-the-editors-jcpp\/dr-eric-fombonne\/\">profil professionnel<\/a><\/strong><span data-contrast=\"auto\">, sa page <\/span><strong><a href=\"https:\/\/en.wikipedia.org\/wiki\/%C3%89ric_Fombonne\">Wikip\u00e9dia<\/a><\/strong><span data-contrast=\"auto\">, ses conf\u00e9rences <\/span><strong><a href=\"https:\/\/hstalks.com\/expert\/3541\/prof-eric-fombonne\/\"><i>HSTalks<\/i><\/a><\/strong><span data-contrast=\"auto\"><strong>,<\/strong> son profil et ses articles sur <\/span><strong><a href=\"https:\/\/www.thetransmitter.org\/contributor\/eric-fombonne\/\"><i>The Transmitter<\/i><\/a><\/strong><span data-contrast=\"auto\"><strong>,<\/strong> ou encore sa <\/span><strong><a href=\"https:\/\/www.ncbi.nlm.nih.gov\/myncbi\/eric.fombonne.1\/bibliography\/public\/\">liste compl\u00e8te de publications<\/a><\/strong><span data-contrast=\"auto\"> pour d\u00e9couvrir ses travaux et recherches les plus r\u00e9cents.<\/span><span data-ccp-props=\"{&quot;335559738&quot;:240,&quot;335559739&quot;:240}\">\u00a0<\/span><\/p>\t\t\t\t\t\t\t\t<\/div>\n\t\t\t\t<\/div>\n\t\t\t\t\t<\/div>\n\t\t\t\t<\/div>\n\t\t<div class=\"elementor-element elementor-element-c69dd21 e-flex e-con-boxed wpr-particle-no wpr-jarallax-no wpr-parallax-no wpr-sticky-section-no e-con e-parent\" data-id=\"c69dd21\" data-element_type=\"container\" data-e-type=\"container\">\n\t\t\t\t\t<div class=\"e-con-inner\">\n\t\t\t\t\t<\/div>\n\t\t\t\t<\/div>\n\t\t\t\t<\/div>\n\t\t","protected":false},"excerpt":{"rendered":"<p>Eric Fombonne a consacr\u00e9 sa carri\u00e8re \u00e0 am\u00e9liorer la vie des personnes autistes et de leurs familles gr\u00e2ce \u00e0 une recherche rigoureuse et \u00e0 la formation de futur\u00b7e\u00b7s leaders. <\/p>\n","protected":false},"author":19,"featured_media":53459,"comment_status":"closed","ping_status":"closed","sticky":false,"template":"","format":"standard","meta":{"footnotes":""},"categories":[51],"tags":[80],"class_list":["post-53464","post","type-post","status-publish","format-standard","has-post-thumbnail","hentry","category-impact","tag-profile"],"aioseo_notices":[],"_links":{"self":[{"href":"https:\/\/cannrt.ca\/fr\/wp-json\/wp\/v2\/posts\/53464","targetHints":{"allow":["GET"]}}],"collection":[{"href":"https:\/\/cannrt.ca\/fr\/wp-json\/wp\/v2\/posts"}],"about":[{"href":"https:\/\/cannrt.ca\/fr\/wp-json\/wp\/v2\/types\/post"}],"author":[{"embeddable":true,"href":"https:\/\/cannrt.ca\/fr\/wp-json\/wp\/v2\/users\/19"}],"replies":[{"embeddable":true,"href":"https:\/\/cannrt.ca\/fr\/wp-json\/wp\/v2\/comments?post=53464"}],"version-history":[{"count":18,"href":"https:\/\/cannrt.ca\/fr\/wp-json\/wp\/v2\/posts\/53464\/revisions"}],"predecessor-version":[{"id":53507,"href":"https:\/\/cannrt.ca\/fr\/wp-json\/wp\/v2\/posts\/53464\/revisions\/53507"}],"wp:featuredmedia":[{"embeddable":true,"href":"https:\/\/cannrt.ca\/fr\/wp-json\/wp\/v2\/media\/53459"}],"wp:attachment":[{"href":"https:\/\/cannrt.ca\/fr\/wp-json\/wp\/v2\/media?parent=53464"}],"wp:term":[{"taxonomy":"category","embeddable":true,"href":"https:\/\/cannrt.ca\/fr\/wp-json\/wp\/v2\/categories?post=53464"},{"taxonomy":"post_tag","embeddable":true,"href":"https:\/\/cannrt.ca\/fr\/wp-json\/wp\/v2\/tags?post=53464"}],"curies":[{"name":"wp","href":"https:\/\/api.w.org\/{rel}","templated":true}]}}