{"id":52975,"date":"2025-08-07T17:39:44","date_gmt":"2025-08-07T17:39:44","guid":{"rendered":"https:\/\/cannrt.ca\/mackenzie-salt\/"},"modified":"2025-12-09T16:31:16","modified_gmt":"2025-12-09T16:31:16","slug":"mackenzie-salt","status":"publish","type":"post","link":"https:\/\/cannrt.ca\/fr\/mackenzie-salt\/","title":{"rendered":"Mackenzie Salt : faire \u00e9voluer les politiques gr\u00e2ce \u00e0 la collaboration communautaire"},"content":{"rendered":"\t\t<div data-elementor-type=\"wp-post\" data-elementor-id=\"52975\" class=\"elementor elementor-52975 elementor-52961\" data-elementor-post-type=\"post\">\n\t\t\t\t<div class=\"elementor-element elementor-element-01a211e e-flex e-con-boxed wpr-particle-no wpr-jarallax-no wpr-parallax-no wpr-sticky-section-no e-con e-parent\" data-id=\"01a211e\" data-element_type=\"container\" data-e-type=\"container\">\n\t\t\t\t\t<div class=\"e-con-inner\">\n\t\t\t\t<div class=\"elementor-element elementor-element-f542feb elementor-widget elementor-widget-text-editor\" data-id=\"f542feb\" data-element_type=\"widget\" data-e-type=\"widget\" data-widget_type=\"text-editor.default\">\n\t\t\t\t<div class=\"elementor-widget-container\">\n\t\t\t\t\t\t\t\t\t<h3 data-start=\"384\" data-end=\"585\"><strong>De boursier \u00e0 membre du corps professoral, Mackenzie Salt continue de tracer la voie pour une recherche qui place les voix autistes au centre et qui r\u00e9pond aux priorit\u00e9s concr\u00e8tes de la communaut\u00e9.<\/strong><\/h3>\t\t\t\t\t\t\t\t<\/div>\n\t\t\t\t<\/div>\n\t\t\t\t<div class=\"elementor-element elementor-element-f0f07cf elementor-widget elementor-widget-video\" data-id=\"f0f07cf\" data-element_type=\"widget\" data-e-type=\"widget\" data-settings=\"{&quot;youtube_url&quot;:&quot;https:\\\/\\\/youtu.be\\\/U67IWhT_QDg?si=HFXqhID6mv5WsGD5&quot;,&quot;video_type&quot;:&quot;youtube&quot;,&quot;controls&quot;:&quot;yes&quot;}\" data-widget_type=\"video.default\">\n\t\t\t\t<div class=\"elementor-widget-container\">\n\t\t\t\t\t\t\t<div class=\"elementor-wrapper elementor-open-inline\">\n\t\t\t<div class=\"elementor-video\"><\/div>\t\t<\/div>\n\t\t\t\t\t\t<\/div>\n\t\t\t\t<\/div>\n\t\t\t\t<div class=\"elementor-element elementor-element-35703e8 elementor-widget elementor-widget-text-editor\" data-id=\"35703e8\" data-element_type=\"widget\" data-e-type=\"widget\" data-widget_type=\"text-editor.default\">\n\t\t\t\t<div class=\"elementor-widget-container\">\n\t\t\t\t\t\t\t\t\t<h6 data-start=\"0\" data-end=\"384\">\u00ab Nous devons cesser de nous enfermer dans nos silos acad\u00e9miques [\u2026] et commencer \u00e0 collaborer [\u2026]. \u00bb<br \/>Mackenzie Salt revient sur son exp\u00e9rience en tant qu\u2019ancien Fellow et membre actuel du corps professoral du CanFRN, soulignant l\u2019influence qu\u2019ont eue la collaboration et le dialogue multidisciplinaires sur son travail. Regardez la vid\u00e9o pour en savoir plus (Noah Leon, Desmond Dyson, 2025).<\/h6>\t\t\t\t\t\t\t\t<\/div>\n\t\t\t\t<\/div>\n\t\t\t\t<div class=\"elementor-element elementor-element-01e4155 elementor-widget elementor-widget-text-editor\" data-id=\"01e4155\" data-element_type=\"widget\" data-e-type=\"widget\" data-widget_type=\"text-editor.default\">\n\t\t\t\t<div class=\"elementor-widget-container\">\n\t\t\t\t\t\t\t\t\t<p data-start=\"587\" data-end=\"1093\">Membre du corps professoral au d\u00e9partement de psychiatrie et de neurosciences du comportement \u00e0 l\u2019Universit\u00e9 McMaster, il est \u00e9galement chercheur associ\u00e9 au <em data-start=\"744\" data-end=\"786\">National Centre for Autism Collaboration<\/em>. En tant que chercheur autiste, son travail s\u2019appuie sur son exp\u00e9rience v\u00e9cue et s\u2019ancre dans les besoins r\u00e9els de la communaut\u00e9. \u00c0 travers ses recherches, il contribue \u00e0 rendre visibles les r\u00e9alit\u00e9s des adultes autistes et \u00e0 orienter les politiques et pratiques de recherche pour mieux refl\u00e9ter ces v\u00e9cus.<\/p><p data-start=\"1095\" data-end=\"1584\">Ancien \u00e9tudiant du programme <em data-start=\"1124\" data-end=\"1156\">Autism Research Training (ART)<\/em> \u2014 pr\u00e9d\u00e9cesseur de la Plateforme canadienne de formation en recherche neurod\u00e9veloppementale (CanFRN) \u2014 Mackenzie Salt si\u00e8ge aujourd\u2019hui au comit\u00e9 directeur de CanFRN, o\u00f9 il contribue activement au leadership du programme, \u00e0 l\u2019enseignement et aux activit\u00e9s de r\u00e9seautage. Son engagement de longue date envers l\u2019am\u00e9lioration de la qualit\u00e9 de vie des personnes autistes continue d\u2019inspirer ses collaborations \u00e0 l\u2019\u00e9chelle nationale.<\/p><p data-start=\"1586\" data-end=\"1706\">Nous lui avons demand\u00e9 de nous en dire plus sur ses recherches actuelles et sur l\u2019influence de CanFRN dans son parcours.<\/p>\t\t\t\t\t\t\t\t<\/div>\n\t\t\t\t<\/div>\n\t\t\t\t<div class=\"elementor-element elementor-element-05af9be elementor-widget elementor-widget-text-editor\" data-id=\"05af9be\" data-element_type=\"widget\" data-e-type=\"widget\" data-widget_type=\"text-editor.default\">\n\t\t\t\t<div class=\"elementor-widget-container\">\n\t\t\t\t\t\t\t\t\t<h4><strong data-start=\"1713\" data-end=\"1793\">Comment votre travail fait-il progresser la recherche en neurod\u00e9veloppement?<\/strong><\/h4><p><strong>Salt<\/strong> : Mon travail consiste \u00e0 recueillir et \u00e0 apprendre des exp\u00e9riences des adultes autistes, puis \u00e0 porter leurs besoins \u00e0 l\u2019attention des d\u00e9cideurs et des milieux acad\u00e9miques afin de favoriser des changements concrets et une meilleure compr\u00e9hension du v\u00e9cu autiste adulte.<\/p><h4 data-start=\"2077\" data-end=\"2355\"><strong data-start=\"2077\" data-end=\"2173\">En quoi votre exp\u00e9rience au sein de CanFRN a-t-elle influenc\u00e9 votre travail jusqu\u2019\u00e0 pr\u00e9sent?<\/strong><\/h4><p data-start=\"2077\" data-end=\"2355\"><strong>Salt<\/strong> : CanFRN m\u2019a permis de tisser des liens avec des chercheur\u00b7es et \u00e9tudiant\u00b7es partout au pays, ce qui est essentiel, puisque plusieurs de mes projets sont de port\u00e9e nationale.<\/p><p data-start=\"2357\" data-end=\"2523\">C\u2019est une occasion unique de rencontrer des personnes venant de disciplines vari\u00e9es, toutes anim\u00e9es par le m\u00eame objectif : am\u00e9liorer la vie des Canadien\u00b7nes autistes.<\/p><p data-start=\"2525\" data-end=\"2677\">Mon implication au sein de CanFRN a men\u00e9 \u00e0 de nombreuses collaborations fructueuses dans le cadre de projets d\u2019envergure avec des coll\u00e8gues formidables.<\/p><h4 data-start=\"2684\" data-end=\"2956\"><strong data-start=\"2684\" data-end=\"2805\">Quel conseil donneriez-vous aux jeunes chercheur\u00b7es qui souhaitent tirer le meilleur parti de leur exp\u00e9rience CanFRN?<\/strong><\/h4><p data-start=\"2684\" data-end=\"2956\"><strong>Salt<\/strong> : Tissez des liens, autant que possible. Le milieu de la recherche en autisme au Canada est relativement petit, donc le r\u00e9seautage est crucial.<\/p><p data-start=\"2958\" data-end=\"3226\">Je recommande aussi de profiter de toutes les occasions de d\u00e9veloppement professionnel offertes. Avoir un \u00e9ventail vari\u00e9 de comp\u00e9tences, d\u2019expertises et d\u2019exp\u00e9riences peut vous distinguer et vous permettre de mener des projets \u00e0 la fois originaux et porteurs d\u2019impact.<\/p>\t\t\t\t\t\t\t\t<\/div>\n\t\t\t\t<\/div>\n\t\t\t\t<div class=\"elementor-element elementor-element-e1214e7 elementor-widget elementor-widget-video\" data-id=\"e1214e7\" data-element_type=\"widget\" data-e-type=\"widget\" data-settings=\"{&quot;youtube_url&quot;:&quot;https:\\\/\\\/www.youtube.com\\\/watch?v=4XqqsI9RAhU&quot;,&quot;video_type&quot;:&quot;youtube&quot;,&quot;controls&quot;:&quot;yes&quot;}\" data-widget_type=\"video.default\">\n\t\t\t\t<div class=\"elementor-widget-container\">\n\t\t\t\t\t\t\t<div class=\"elementor-wrapper elementor-open-inline\">\n\t\t\t<div class=\"elementor-video\"><\/div>\t\t<\/div>\n\t\t\t\t\t\t<\/div>\n\t\t\t\t<\/div>\n\t\t\t\t<div class=\"elementor-element elementor-element-4a021d0 elementor-widget elementor-widget-text-editor\" data-id=\"4a021d0\" data-element_type=\"widget\" data-e-type=\"widget\" data-widget_type=\"text-editor.default\">\n\t\t\t\t<div class=\"elementor-widget-container\">\n\t\t\t\t\t\t\t\t\t<h6 data-start=\"0\" data-end=\"384\"><strong data-start=\"3236\" data-end=\"3271\">\u00c0 visionner \u00e0 partir de 1:30:05<\/strong> : Le Dr Mackenzie Salt partage les r\u00e9sultats du plus vaste sondage men\u00e9 aupr\u00e8s d\u2019adultes autistes au Canada. Il y aborde l\u2019importance de politiques inclusives, \u00e9clair\u00e9es par l\u2019exp\u00e9rience v\u00e9cue, et livre des conseils pr\u00e9cieux aux chercheur\u00b7es de demain.<\/h6>\t\t\t\t\t\t\t\t<\/div>\n\t\t\t\t<\/div>\n\t\t\t\t<div class=\"elementor-element elementor-element-eb372d2 elementor-widget elementor-widget-text-editor\" data-id=\"eb372d2\" data-element_type=\"widget\" data-e-type=\"widget\" data-widget_type=\"text-editor.default\">\n\t\t\t\t<div class=\"elementor-widget-container\">\n\t\t\t\t\t\t\t\t\t<h4><strong data-start=\"3531\" data-end=\"3552\">Restez connect\u00e9\u00b7e<\/strong><\/h4><p>Pour en savoir plus sur le travail et les engagements de Mackenzie Salt en soutien \u00e0 la communaut\u00e9 autiste, consultez <a href=\"https:\/\/scholar.google.ca\/citations?hl=en&amp;pli=1&amp;user=89lSWaUAAAAJ\">ses publications<\/a> et suivez-le sur <a href=\"https:\/\/www.linkedin.com\/in\/mackenzie-salt-11820593\/?originalSubdomain=ca\"><span data-contrast=\"none\">LinkedIn<\/span><\/a> et <a href=\"https:\/\/x.com\/mac_at_mac\"><span data-contrast=\"none\">X<\/span><\/a><span data-contrast=\"auto\">.<\/span><span data-ccp-props=\"{&quot;201341983&quot;:0,&quot;335559740&quot;:240}\">\u00a0<\/span><\/p>\t\t\t\t\t\t\t\t<\/div>\n\t\t\t\t<\/div>\n\t\t\t\t\t<\/div>\n\t\t\t\t<\/div>\n\t\t\t\t<\/div>\n\t\t","protected":false},"excerpt":{"rendered":"<p>En tant que chercheur autiste, Mackenzie Salt cr\u00e9e des ponts durables entre les priorit\u00e9s de la communaut\u00e9, la recherche acad\u00e9mique et les retomb\u00e9es en mati\u00e8re de politiques publiques<\/p>\n","protected":false},"author":16,"featured_media":52964,"comment_status":"closed","ping_status":"closed","sticky":false,"template":"","format":"standard","meta":{"footnotes":""},"categories":[51],"tags":[80],"class_list":["post-52975","post","type-post","status-publish","format-standard","has-post-thumbnail","hentry","category-impact","tag-profile"],"aioseo_notices":[],"_links":{"self":[{"href":"https:\/\/cannrt.ca\/fr\/wp-json\/wp\/v2\/posts\/52975","targetHints":{"allow":["GET"]}}],"collection":[{"href":"https:\/\/cannrt.ca\/fr\/wp-json\/wp\/v2\/posts"}],"about":[{"href":"https:\/\/cannrt.ca\/fr\/wp-json\/wp\/v2\/types\/post"}],"author":[{"embeddable":true,"href":"https:\/\/cannrt.ca\/fr\/wp-json\/wp\/v2\/users\/16"}],"replies":[{"embeddable":true,"href":"https:\/\/cannrt.ca\/fr\/wp-json\/wp\/v2\/comments?post=52975"}],"version-history":[{"count":11,"href":"https:\/\/cannrt.ca\/fr\/wp-json\/wp\/v2\/posts\/52975\/revisions"}],"predecessor-version":[{"id":53185,"href":"https:\/\/cannrt.ca\/fr\/wp-json\/wp\/v2\/posts\/52975\/revisions\/53185"}],"wp:featuredmedia":[{"embeddable":true,"href":"https:\/\/cannrt.ca\/fr\/wp-json\/wp\/v2\/media\/52964"}],"wp:attachment":[{"href":"https:\/\/cannrt.ca\/fr\/wp-json\/wp\/v2\/media?parent=52975"}],"wp:term":[{"taxonomy":"category","embeddable":true,"href":"https:\/\/cannrt.ca\/fr\/wp-json\/wp\/v2\/categories?post=52975"},{"taxonomy":"post_tag","embeddable":true,"href":"https:\/\/cannrt.ca\/fr\/wp-json\/wp\/v2\/tags?post=52975"}],"curies":[{"name":"wp","href":"https:\/\/api.w.org\/{rel}","templated":true}]}}