{"id":50506,"date":"2024-11-27T19:12:48","date_gmt":"2024-11-27T19:12:48","guid":{"rendered":"https:\/\/cannrt.ca\/joint-cannrt-research-forum-and-giant-steps-living-lab-learning-series\/"},"modified":"2025-06-01T17:01:55","modified_gmt":"2025-06-01T17:01:55","slug":"forum-de-recherche-de-la-canfrn-serie-de-conferences-du-laboratoire-vivant-da-pas-de-geant","status":"publish","type":"post","link":"https:\/\/cannrt.ca\/fr\/forum-de-recherche-de-la-canfrn-serie-de-conferences-du-laboratoire-vivant-da-pas-de-geant\/","title":{"rendered":"Forum de recherche de la CanFRN &#8211; S\u00e9rie de conf\u00e9rences du Laboratoire vivant d\u2019\u00c0 pas de g\u00e9ant"},"content":{"rendered":"\n<p><strong>Conf\u00e9renci\u00e8re<\/strong>&nbsp;: Connor Kerns, Ph. D. &nbsp;<br><strong>Date<\/strong>&nbsp;: Mercredi 27 novembre 2024 &nbsp;<br><strong>Heure&nbsp;<\/strong>: 16 h 00 &#8211; 18 h 00 (HE) &nbsp;<br><strong>Format<\/strong>&nbsp;: Hybride &nbsp;<br><strong>Langue<\/strong>&nbsp;: Anglais<br><strong>Lieu<\/strong>&nbsp;: Centre \u00c0 Pas de G\u00e9ant, 4400 Rue Molson, Montr\u00e9al, Qu\u00e9bec H1Y 0A3 &nbsp;<br><strong>Public<\/strong>&nbsp;: Personnel du Centre \u00c0 Pas de G\u00e9ant et membres de la CanFRN (Inscription requise)<\/p>\n\n\n\n<figure class=\"wp-block-embed is-type-video is-provider-youtube wp-block-embed-youtube wp-embed-aspect-16-9 wp-has-aspect-ratio\"><div class=\"wp-block-embed__wrapper\">\n<iframe title=\"Varied Expressions of Anxiety in Autistic Children (and Why They Matter)\" width=\"800\" height=\"450\" src=\"https:\/\/www.youtube.com\/embed\/qFajVWVudxg?feature=oembed\" frameborder=\"0\" allow=\"accelerometer; autoplay; clipboard-write; encrypted-media; gyroscope; picture-in-picture; web-share\" referrerpolicy=\"strict-origin-when-cross-origin\" allowfullscreen><\/iframe>\n<\/div><figcaption class=\"wp-element-caption\"><em>Visionnez l&#8217;enregistrement de l&#8217;\u00e9v\u00e9nement (en anglais)<\/em><\/figcaption><\/figure>\n\n\n\n<p><strong>Les diverses manifestations de l&#8217;anxi\u00e9t\u00e9 chez les enfants autistes (et\u00a0pourquoi sont-elles importantes)<\/strong><br><br>Rejoignez-nous pour une pr\u00e9sentation (en anglais) donn\u00e9e par Connor Kerns, Ph. D., qui abordera les d\u00e9fis li\u00e9s \u00e0 la d\u00e9tection de l&#8217;anxi\u00e9t\u00e9 chez les enfants autistes. Cette conf\u00e9rence mettra en lumi\u00e8re l&#8217;importance de reconna\u00eetre les diverses pr\u00e9sentations de l\u2019anxi\u00e9t\u00e9, qu\u2019elles soient sp\u00e9cifiques \u00e0 l&#8217;autisme ou non, tout en soulignant l\u2019nt\u00e9r\u00eat de comprendre ces variations.<br><br><strong>Biographie de la conf\u00e9renci\u00e8re :<\/strong><br><br>Connor Kerns, Ph.D., est professeure agr\u00e9g\u00e9e en psychologie clinique et directrice du<br>laboratoire\u00a0Anxiety, Stress and Autism Program\u00a0(ASAP) \u00e0 l\u2019Universit\u00e9 de la Colombie-<br>Britannique, \u00e0 Vancouver. Son programme de recherche vise \u00e0 am\u00e9liorer le bien-\u00eatre des<br>personnes autistes en d\u00e9veloppant des m\u00e9thodes pour mieux d\u00e9tecter, pr\u00e9venir et traiter les<br>troubles li\u00e9s \u00e0 l\u2019anxi\u00e9t\u00e9 et au stress chez les enfants autistes. Connor Kerns a re\u00e7u plusieurs<br>prix de recherche et a pr\u00e9sent\u00e9 ses travaux \u00e0 l\u2019\u00e9chelle internationale. R\u00e9cipiendaire du prix de<\/p>\n\n\n\n<p>recherche Killam de l\u2019Universit\u00e9 de la Colombie-Britannique, elle a aussi contribu\u00e9 \u00e0<br>l\u2019\u00e9laboration de politiques sur l\u2019autisme aux \u00c9tats-Unis et au Canada.<\/p>\n\n\n\n<p><br><strong>Informations suppl\u00e9mentaires :<\/strong><\/p>\n\n\n\n<ul class=\"wp-block-list\">\n<li>Des rafra\u00eechissements l\u00e9gers seront servis.<\/li>\n\n\n\n<li>Un enregistrement de la pr\u00e9sentation sera disponible pour les inscrits.<\/li>\n<\/ul>\n\n\n\n<p><br><br><strong>Des questions ?<\/strong>\u00a0Contactez : <a href=\"mailto:cannrt@mcgill.ca\"><strong>cannrt@mcgill.ca<\/strong><\/a><\/p>\n\n\n\n<div style=\"height:58px\" aria-hidden=\"true\" class=\"wp-block-spacer\"><\/div>\n\n\n\n<hr class=\"wp-block-separator has-alpha-channel-opacity\"\/>\n\n\n\n<p><br>\u00c0 propos des forums de recherche de la CanFRN : &nbsp;<br>Les <a href=\"\/fr\"><strong>forums de recherche de la Plateforme canadienne de formation en recherche<br>neurod\u00e9veloppementale<\/strong><\/a> (CanFRN) mettent en valeur la diversit\u00e9 des travaux des membres de<br>la CanFRN et encouragent la collaboration ainsi que l\u2019\u00e9change de connaissances au sein de la<br>communaut\u00e9 de recherche en neurod\u00e9veloppement. La S\u00e9rie des personnes conf\u00e9renci\u00e8res<br>distingu\u00e9es pr\u00e9sente des interventions de chercheur\u00b7e\u00b7s internationaux\u00b7ales de renom.<\/p>\n\n\n\n<p><br>\u00c0 propos de la&nbsp;S\u00e9rie de conf\u00e9rences du Laboratoire vivant d\u2019\u00c0 pas de g\u00e9ant&nbsp;:<br>La <strong><a href=\"https:\/\/centredautismeapasdegeant.com\/recherche\/\" data-type=\"link\" data-id=\"https:\/\/centredautismeapasdegeant.com\/recherche\/\">S\u00e9rie de conf\u00e9rences du Laboratoire vivant d\u2019\u00c0 pas de g\u00e9ant<\/a><\/strong> offre des opportunit\u00e9s de<br>perfectionnement professionnel par le biais de conf\u00e9rences d\u2019expert\u00b7e\u00b7s invit\u00e9\u00b7e\u00b7s et de<br>s\u00e9ances de r\u00e9seautage informelles pour le personnel du Centre \u00c0 Pas de G\u00e9ant et du <strong><a href=\"https:\/\/www.rtsa-tacc.com\/fr\" data-type=\"link\" data-id=\"https:\/\/www.rtsa-tacc.com\/fr\">R\u00e9seau<br>pour transformer les soins en autisme<\/a><\/strong> (RTSA).<\/p>\n","protected":false},"excerpt":{"rendered":"<p>Date: 27 novembre 2024 | Format: Hybride <\/p>\n","protected":false},"author":11,"featured_media":50572,"comment_status":"closed","ping_status":"closed","sticky":false,"template":"","format":"standard","meta":{"footnotes":""},"categories":[60],"tags":[],"class_list":["post-50506","post","type-post","status-publish","format-standard","has-post-thumbnail","hentry","category-evenements-passes"],"aioseo_notices":[],"_links":{"self":[{"href":"https:\/\/cannrt.ca\/fr\/wp-json\/wp\/v2\/posts\/50506","targetHints":{"allow":["GET"]}}],"collection":[{"href":"https:\/\/cannrt.ca\/fr\/wp-json\/wp\/v2\/posts"}],"about":[{"href":"https:\/\/cannrt.ca\/fr\/wp-json\/wp\/v2\/types\/post"}],"author":[{"embeddable":true,"href":"https:\/\/cannrt.ca\/fr\/wp-json\/wp\/v2\/users\/11"}],"replies":[{"embeddable":true,"href":"https:\/\/cannrt.ca\/fr\/wp-json\/wp\/v2\/comments?post=50506"}],"version-history":[{"count":10,"href":"https:\/\/cannrt.ca\/fr\/wp-json\/wp\/v2\/posts\/50506\/revisions"}],"predecessor-version":[{"id":52388,"href":"https:\/\/cannrt.ca\/fr\/wp-json\/wp\/v2\/posts\/50506\/revisions\/52388"}],"wp:featuredmedia":[{"embeddable":true,"href":"https:\/\/cannrt.ca\/fr\/wp-json\/wp\/v2\/media\/50572"}],"wp:attachment":[{"href":"https:\/\/cannrt.ca\/fr\/wp-json\/wp\/v2\/media?parent=50506"}],"wp:term":[{"taxonomy":"category","embeddable":true,"href":"https:\/\/cannrt.ca\/fr\/wp-json\/wp\/v2\/categories?post=50506"},{"taxonomy":"post_tag","embeddable":true,"href":"https:\/\/cannrt.ca\/fr\/wp-json\/wp\/v2\/tags?post=50506"}],"curies":[{"name":"wp","href":"https:\/\/api.w.org\/{rel}","templated":true}]}}